{"id":1750,"date":"2025-06-28T16:38:01","date_gmt":"2025-06-28T14:38:01","guid":{"rendered":"http:\/\/socialtransfert.com\/?p=1750"},"modified":"2025-07-09T16:53:16","modified_gmt":"2025-07-09T14:53:16","slug":"les-11emes-entretiens-de-lamenagement","status":"publish","type":"post","link":"https:\/\/socialtransfert.com\/index.php\/2025\/06\/28\/les-11emes-entretiens-de-lamenagement\/","title":{"rendered":"Les 11\u00e8mes entretiens de l&rsquo;am\u00e9nagement les 26 et 27 juin 2025"},"content":{"rendered":"<div class=\"wp-block-image\">\n<figure class=\"alignleft size-large is-resized\"><img loading=\"lazy\" decoding=\"async\" width=\"1024\" height=\"768\" src=\"http:\/\/socialtransfert.com\/wp-content\/uploads\/2025\/07\/1750937581141-1024x768.jpg\" alt=\"\" class=\"wp-image-1751\" style=\"width:476px;height:auto\" srcset=\"https:\/\/socialtransfert.com\/wp-content\/uploads\/2025\/07\/1750937581141-1024x768.jpg 1024w, https:\/\/socialtransfert.com\/wp-content\/uploads\/2025\/07\/1750937581141-300x225.jpg 300w, https:\/\/socialtransfert.com\/wp-content\/uploads\/2025\/07\/1750937581141-768x576.jpg 768w, https:\/\/socialtransfert.com\/wp-content\/uploads\/2025\/07\/1750937581141-1536x1152.jpg 1536w, https:\/\/socialtransfert.com\/wp-content\/uploads\/2025\/07\/1750937581141.jpg 2048w\" sizes=\"(max-width: 1024px) 100vw, 1024px\" \/><\/figure><\/div>\n\n\n<p>Les 11\u00e8mes entretiens de l\u2019am\u00e9nagement se sont d\u00e9ploy\u00e9s \u00e0 Lyon les 26 et 27 juin 2025 \u00e0 l&rsquo;Auditorium de Lyon. Tous les 3 ans, ces entretiens  regroupent des professionnel-les de la fabrique urbaine pour deux jours de d\u00e9bat et d\u2019atelier sur les grands enjeux de l\u2019am\u00e9nagement. Deux jours, o\u00f9 \u00e9lu\u00b7es, am\u00e9nageurs, ma\u00eetres d\u2019ouvrage, promoteurs et entreprises, chercheurs et consultants sont invit\u00e9s \u00e0 \u00e9changer et se questionner sur leur fa\u00e7on de produire ensemble la ville.<\/p>\n\n\n\n<p>Fruit des travaux du Club Ville Am\u00e9nagement, les th\u00e9matiques ont montr\u00e9 cette ann\u00e9e la diversit\u00e9 des d\u00e9fis \u00e0 relever, depuis l\u2019adaptation au changement climatique, la d\u00e9carbonation, la sobri\u00e9t\u00e9 fonci\u00e8re ou encore les questions des conflictualit\u00e9s dans les projets. 1200 participants, dont nous \u00e9tions, ont honor\u00e9 de leur pr\u00e9sence les conf\u00e9rences et la vingtaine de visites urbaines qui ont montr\u00e9 des nouvelles mani\u00e8re de faire la ville.<\/p>\n\n\n\n<p><\/p>\n","protected":false},"excerpt":{"rendered":"<p>Les 11\u00e8mes entretiens de l\u2019am\u00e9nagement se sont d\u00e9ploy\u00e9s \u00e0 Lyon les 26 et 27 juin 2025 \u00e0 l&rsquo;Auditorium de Lyon. Tous les 3 ans, ces entretiens regroupent des professionnel-les de la fabrique urbaine pour deux jours de d\u00e9bat et d\u2019atelier sur les grands enjeux de l\u2019am\u00e9nagement. Deux jours, o\u00f9 \u00e9lu\u00b7es, am\u00e9nageurs, ma\u00eetres d\u2019ouvrage, promoteurs etLire la suite &rarr;<\/p>\n","protected":false},"author":1,"featured_media":1752,"comment_status":"closed","ping_status":"closed","sticky":false,"template":"","format":"standard","meta":{"footnotes":""},"categories":[1],"tags":[],"_links":{"self":[{"href":"https:\/\/socialtransfert.com\/index.php\/wp-json\/wp\/v2\/posts\/1750"}],"collection":[{"href":"https:\/\/socialtransfert.com\/index.php\/wp-json\/wp\/v2\/posts"}],"about":[{"href":"https:\/\/socialtransfert.com\/index.php\/wp-json\/wp\/v2\/types\/post"}],"author":[{"embeddable":true,"href":"https:\/\/socialtransfert.com\/index.php\/wp-json\/wp\/v2\/users\/1"}],"replies":[{"embeddable":true,"href":"https:\/\/socialtransfert.com\/index.php\/wp-json\/wp\/v2\/comments?post=1750"}],"version-history":[{"count":8,"href":"https:\/\/socialtransfert.com\/index.php\/wp-json\/wp\/v2\/posts\/1750\/revisions"}],"predecessor-version":[{"id":1760,"href":"https:\/\/socialtransfert.com\/index.php\/wp-json\/wp\/v2\/posts\/1750\/revisions\/1760"}],"wp:featuredmedia":[{"embeddable":true,"href":"https:\/\/socialtransfert.com\/index.php\/wp-json\/wp\/v2\/media\/1752"}],"wp:attachment":[{"href":"https:\/\/socialtransfert.com\/index.php\/wp-json\/wp\/v2\/media?parent=1750"}],"wp:term":[{"taxonomy":"category","embeddable":true,"href":"https:\/\/socialtransfert.com\/index.php\/wp-json\/wp\/v2\/categories?post=1750"},{"taxonomy":"post_tag","embeddable":true,"href":"https:\/\/socialtransfert.com\/index.php\/wp-json\/wp\/v2\/tags?post=1750"}],"curies":[{"name":"wp","href":"https:\/\/api.w.org\/{rel}","templated":true}]}}