{"id":1621,"date":"2023-07-04T15:34:57","date_gmt":"2023-07-04T13:34:57","guid":{"rendered":"http:\/\/socialtransfert.com\/?p=1621"},"modified":"2023-11-30T16:43:58","modified_gmt":"2023-11-30T15:43:58","slug":"atelier-partager-la-gouvernance-a-lag-des-societes-cooperatives","status":"publish","type":"post","link":"https:\/\/socialtransfert.com\/index.php\/2023\/07\/04\/atelier-partager-la-gouvernance-a-lag-des-societes-cooperatives\/","title":{"rendered":"\u00ab\u00a0Partager la gouvernance\u00a0\u00bb \u00e0 l&rsquo;assembl\u00e9e g\u00e9n\u00e9rale des soci\u00e9t\u00e9s coop\u00e9ratives AURA"},"content":{"rendered":"\n<p class=\"has-text-align-left\">Social transfert a contribu\u00e9 \u00e0 l&rsquo;atelier \u00ab\u00a0Partager la gouvernance : de quoi parle t&rsquo;on ?\u00a0\u00bb lors de l&rsquo;assembl\u00e9e g\u00e9n\u00e9rale des SCOP, SCIC et alterincub\u00e9.e.s d&rsquo;Auvergne Rh\u00f4ne Alpes qui a eu lieu le 29 juin 2023 \u00e0 l&rsquo;Espace de l&rsquo;Ouest Lyonnais dans le Rh\u00f4ne. Cette activit\u00e9 a r\u00e9uni pendant une heure environ une quarantaine de repr\u00e9sentants de soci\u00e9t\u00e9s ou de futurs soci\u00e9t\u00e9s coop\u00e9ratives. Il faisait partie d&rsquo;un programme \u00e9clectique favorisant l&rsquo;accompagnement \u00e9conomique, financier et d\u00e9mocratique des soci\u00e9t\u00e9s coop\u00e9ratives en Auvergne Rh\u00f4ne Alpes en marge de l&rsquo;assembl\u00e9e g\u00e9n\u00e9rale de l&rsquo;Union r\u00e9gionale des SCOP.<\/p>\n\n\n\n<p><\/p>\n\n\n<div class=\"wp-block-image\">\n<figure class=\"aligncenter size-large is-resized\"><img loading=\"lazy\" decoding=\"async\" src=\"http:\/\/socialtransfert.com\/wp-content\/uploads\/2023\/11\/IMG_20230629_103321-768x1024.jpg\" alt=\"\" class=\"wp-image-1626\" width=\"401\" height=\"534\" srcset=\"https:\/\/socialtransfert.com\/wp-content\/uploads\/2023\/11\/IMG_20230629_103321-768x1024.jpg 768w, https:\/\/socialtransfert.com\/wp-content\/uploads\/2023\/11\/IMG_20230629_103321-225x300.jpg 225w, https:\/\/socialtransfert.com\/wp-content\/uploads\/2023\/11\/IMG_20230629_103321-1152x1536.jpg 1152w, https:\/\/socialtransfert.com\/wp-content\/uploads\/2023\/11\/IMG_20230629_103321-1536x2048.jpg 1536w, https:\/\/socialtransfert.com\/wp-content\/uploads\/2023\/11\/IMG_20230629_103321-scaled.jpg 1920w\" sizes=\"(max-width: 401px) 100vw, 401px\" \/><\/figure><\/div>","protected":false},"excerpt":{"rendered":"<p>Social transfert a contribu\u00e9 \u00e0 l&rsquo;atelier \u00ab\u00a0Partager la gouvernance : de quoi parle t&rsquo;on ?\u00a0\u00bb lors de l&rsquo;assembl\u00e9e g\u00e9n\u00e9rale des SCOP, SCIC et alterincub\u00e9.e.s d&rsquo;Auvergne Rh\u00f4ne Alpes qui a eu lieu le 29 juin 2023 \u00e0 l&rsquo;Espace de l&rsquo;Ouest Lyonnais dans le Rh\u00f4ne. Cette activit\u00e9 a r\u00e9uni pendant une heure environ une quarantaine de repr\u00e9sentantsLire la suite &rarr;<\/p>\n","protected":false},"author":1,"featured_media":1638,"comment_status":"closed","ping_status":"closed","sticky":false,"template":"","format":"standard","meta":{"footnotes":""},"categories":[1],"tags":[],"_links":{"self":[{"href":"https:\/\/socialtransfert.com\/index.php\/wp-json\/wp\/v2\/posts\/1621"}],"collection":[{"href":"https:\/\/socialtransfert.com\/index.php\/wp-json\/wp\/v2\/posts"}],"about":[{"href":"https:\/\/socialtransfert.com\/index.php\/wp-json\/wp\/v2\/types\/post"}],"author":[{"embeddable":true,"href":"https:\/\/socialtransfert.com\/index.php\/wp-json\/wp\/v2\/users\/1"}],"replies":[{"embeddable":true,"href":"https:\/\/socialtransfert.com\/index.php\/wp-json\/wp\/v2\/comments?post=1621"}],"version-history":[{"count":9,"href":"https:\/\/socialtransfert.com\/index.php\/wp-json\/wp\/v2\/posts\/1621\/revisions"}],"predecessor-version":[{"id":1639,"href":"https:\/\/socialtransfert.com\/index.php\/wp-json\/wp\/v2\/posts\/1621\/revisions\/1639"}],"wp:featuredmedia":[{"embeddable":true,"href":"https:\/\/socialtransfert.com\/index.php\/wp-json\/wp\/v2\/media\/1638"}],"wp:attachment":[{"href":"https:\/\/socialtransfert.com\/index.php\/wp-json\/wp\/v2\/media?parent=1621"}],"wp:term":[{"taxonomy":"category","embeddable":true,"href":"https:\/\/socialtransfert.com\/index.php\/wp-json\/wp\/v2\/categories?post=1621"},{"taxonomy":"post_tag","embeddable":true,"href":"https:\/\/socialtransfert.com\/index.php\/wp-json\/wp\/v2\/tags?post=1621"}],"curies":[{"name":"wp","href":"https:\/\/api.w.org\/{rel}","templated":true}]}}