{"id":1609,"date":"2023-05-16T18:50:15","date_gmt":"2023-05-16T16:50:15","guid":{"rendered":"http:\/\/socialtransfert.com\/?p=1609"},"modified":"2023-06-21T19:09:46","modified_gmt":"2023-06-21T17:09:46","slug":"ballade-urbaine-pour-le-festival-janes-walk","status":"publish","type":"post","link":"https:\/\/socialtransfert.com\/index.php\/2023\/05\/16\/ballade-urbaine-pour-le-festival-janes-walk\/","title":{"rendered":"Ballade urbaine dans le cadre du festival Jane&rsquo;s Walk"},"content":{"rendered":"<div class=\"wp-block-image\">\n<figure class=\"alignleft size-large is-resized\"><img loading=\"lazy\" decoding=\"async\" src=\"http:\/\/socialtransfert.com\/wp-content\/uploads\/2023\/06\/JWGL2023_visuel-mobilizon_2-1024x569.png\" alt=\"\" class=\"wp-image-1608\" width=\"397\" height=\"219\"\/><\/figure><\/div>\n\n<div class=\"wp-block-image\">\n<figure class=\"alignright size-full is-resized\"><img loading=\"lazy\" decoding=\"async\" src=\"http:\/\/socialtransfert.com\/wp-content\/uploads\/2023\/06\/7216415435004101705.jpg\" alt=\"\" class=\"wp-image-1606\" width=\"294\" height=\"220\" srcset=\"https:\/\/socialtransfert.com\/wp-content\/uploads\/2023\/06\/7216415435004101705.jpg 839w, https:\/\/socialtransfert.com\/wp-content\/uploads\/2023\/06\/7216415435004101705-300x225.jpg 300w, https:\/\/socialtransfert.com\/wp-content\/uploads\/2023\/06\/7216415435004101705-768x576.jpg 768w\" sizes=\"(max-width: 294px) 100vw, 294px\" \/><\/figure><\/div>\n\n\n<p><\/p>\n\n\n\n<p><\/p>\n\n\n\n<p><\/p>\n\n\n\n<p><\/p>\n\n\n\n<p>Un cycle de ballades urbaines a \u00e9t\u00e9 propos\u00e9 gratuitement dans le cadre du festival international Jane&rsquo;s Walk du 9 au 14 mai 2023 ! Ce festival rend hommage \u00e0 l&rsquo;h\u00e9ritage culturel de l&rsquo;urbanisme am\u00e9ricaine Jane Jacobs  qui promeut une fa\u00e7on de faire la ville fond\u00e9e notamment sur la rencontre et le partage de lieux de vie. Les promenades ont pour but de cr\u00e9er des conversations autour d&rsquo;un th\u00e8me, d&rsquo;un quartier, d&rsquo;un \u00e9quipement, etc. Il est organis\u00e9 par des b\u00e9n\u00e9voles dans le monde entier au mois de mai. Social Transfert a cl\u00f4tur\u00e9 l&rsquo;\u00e9dition lyonnaise le dimanche 14 mai \u00e0 17H00 par une marche d\u00e9ambulatoire historique sur le th\u00e8me \u00ab\u00a0Manifestations, rebellions, r\u00e9pressions : comment les pouvoirs et contre-pouvoirs s&rsquo;approprient la rue ?\u00a0\u00bb.<br>Pour en savoir plus  <a href=\"http:\/\/www.janeswalk.fr\">www.janeswalk.fr<\/a><\/p>\n","protected":false},"excerpt":{"rendered":"<p>Un cycle de ballades urbaines a \u00e9t\u00e9 propos\u00e9 gratuitement dans le cadre du festival international Jane&rsquo;s Walk du 9 au 14 mai 2023 ! Ce festival rend hommage \u00e0 l&rsquo;h\u00e9ritage culturel de l&rsquo;urbanisme am\u00e9ricaine Jane Jacobs qui promeut une fa\u00e7on de faire la ville fond\u00e9e notamment sur la rencontre et le partage de lieux deLire la suite &rarr;<\/p>\n","protected":false},"author":1,"featured_media":1607,"comment_status":"closed","ping_status":"closed","sticky":false,"template":"","format":"standard","meta":{"footnotes":""},"categories":[1],"tags":[],"_links":{"self":[{"href":"https:\/\/socialtransfert.com\/index.php\/wp-json\/wp\/v2\/posts\/1609"}],"collection":[{"href":"https:\/\/socialtransfert.com\/index.php\/wp-json\/wp\/v2\/posts"}],"about":[{"href":"https:\/\/socialtransfert.com\/index.php\/wp-json\/wp\/v2\/types\/post"}],"author":[{"embeddable":true,"href":"https:\/\/socialtransfert.com\/index.php\/wp-json\/wp\/v2\/users\/1"}],"replies":[{"embeddable":true,"href":"https:\/\/socialtransfert.com\/index.php\/wp-json\/wp\/v2\/comments?post=1609"}],"version-history":[{"count":9,"href":"https:\/\/socialtransfert.com\/index.php\/wp-json\/wp\/v2\/posts\/1609\/revisions"}],"predecessor-version":[{"id":1619,"href":"https:\/\/socialtransfert.com\/index.php\/wp-json\/wp\/v2\/posts\/1609\/revisions\/1619"}],"wp:featuredmedia":[{"embeddable":true,"href":"https:\/\/socialtransfert.com\/index.php\/wp-json\/wp\/v2\/media\/1607"}],"wp:attachment":[{"href":"https:\/\/socialtransfert.com\/index.php\/wp-json\/wp\/v2\/media?parent=1609"}],"wp:term":[{"taxonomy":"category","embeddable":true,"href":"https:\/\/socialtransfert.com\/index.php\/wp-json\/wp\/v2\/categories?post=1609"},{"taxonomy":"post_tag","embeddable":true,"href":"https:\/\/socialtransfert.com\/index.php\/wp-json\/wp\/v2\/tags?post=1609"}],"curies":[{"name":"wp","href":"https:\/\/api.w.org\/{rel}","templated":true}]}}