{"id":1571,"date":"2022-11-22T15:22:00","date_gmt":"2022-11-22T14:22:00","guid":{"rendered":"http:\/\/socialtransfert.com\/?p=1571"},"modified":"2023-01-16T17:10:09","modified_gmt":"2023-01-16T16:10:09","slug":"article-sur-le-dispositif-tiers-veilleur-en-recherche-participative-dans-la-revue-techniques-de-lingenieur","status":"publish","type":"post","link":"https:\/\/socialtransfert.com\/index.php\/2022\/11\/22\/article-sur-le-dispositif-tiers-veilleur-en-recherche-participative-dans-la-revue-techniques-de-lingenieur\/","title":{"rendered":"Article sur le dispositif tiers veilleur en recherche participative dans la revue \u00ab\u00a0Techniques de l&rsquo;ing\u00e9nieur\u00a0\u00bb"},"content":{"rendered":"\n<p><\/p>\n\n\n\n<p>Cet article montre comment l\u2019<strong>accompagnement<\/strong>&nbsp;\u00e0 la&nbsp;<strong>recherche participative<\/strong>&nbsp;s\u2019est structur\u00e9 autour du dispositif \u00ab&nbsp;tiers-veilleurs \u00bb, une fonction d\u2019interm\u00e9diation entre acteurs acad\u00e9miques et soci\u00e9t\u00e9 civile qui s\u2019est install\u00e9e peu \u00e0 peu en France par l\u2019entremise de quelques programmes de recherche et par l\u2019association Sciences citoyennes. Le&nbsp;<strong>tiers-veilleur<\/strong>&nbsp;appara\u00eet d\u2019abord comme une \u00e9manation d\u2019une histoire institutionnelle de la recherche participative. Puis il s\u2019affirme au travers d\u2019une identit\u00e9 professionnelle aux contours encore flous, qui est parcourue par des enjeux organisationnels, \u00e9pist\u00e9mologiques et politiques.<\/p>\n\n\n\n<p>Il fait partie de l&rsquo;offre \u00ab\u00a0Eco-conception et innovation responsable\u00a0\u00bb de Techniques de l&rsquo;ing\u00e9nieur. <a href=\"https:\/\/www.techniques-ingenieur.fr\/base-documentaire\/innovation-th10\/sciences-techniques-et-societe-42697210\/accompagner-la-recherche-participative-le-dispositif-tiers-veilleur-ag123\/\">L&rsquo;article complet<\/a> et son t\u00e9l\u00e9chargement sont disponibles aux abonn\u00e9s.<\/p>\n\n\n<div class=\"wp-block-image\">\n<figure class=\"aligncenter size-full\"><img loading=\"lazy\" decoding=\"async\" width=\"318\" height=\"159\" src=\"http:\/\/socialtransfert.com\/wp-content\/uploads\/2023\/01\/download.jpg\" alt=\"\" class=\"wp-image-1572\" srcset=\"https:\/\/socialtransfert.com\/wp-content\/uploads\/2023\/01\/download.jpg 318w, https:\/\/socialtransfert.com\/wp-content\/uploads\/2023\/01\/download-300x150.jpg 300w\" sizes=\"(max-width: 318px) 100vw, 318px\" \/><\/figure><\/div>\n\n\n<p>INTRODUCTION<\/p>\n\n\n\n<p><a href=\"https:\/\/www.techniques-ingenieur.fr\/base-documentaire\/innovation-th10\/sciences-techniques-et-societe-42697210\/accompagner-la-recherche-participative-le-dispositif-tiers-veilleur-ag123\/elements-de-cadrage-historique-et-methodologique-ag123niv10001.html\">1 &#8211; \u00c9L\u00c9MENTS DE CADRAGE HISTORIQUE ET M\u00c9THODOLOGIQUE<\/a><\/p>\n\n\n\n<ul>\n<li>1.1 &#8211; L\u2019institutionnalisation des pratiques de recherche participative<\/li>\n\n\n\n<li>1.2 &#8211; L\u2019apparition de la notion de \u00ab&nbsp;tiers-veilleur&nbsp;\u00bb<\/li>\n\n\n\n<li>1.3 &#8211; La figure du \u00ab&nbsp;tiers&nbsp;\u00bb en recherche participative&nbsp;: conditions d\u2019\u00e9nonciation et d\u2019exp\u00e9rimentation<\/li>\n<\/ul>\n\n\n\n<p><a href=\"https:\/\/www.techniques-ingenieur.fr\/base-documentaire\/innovation-th10\/sciences-techniques-et-societe-42697210\/accompagner-la-recherche-participative-le-dispositif-tiers-veilleur-ag123\/vers-une-nouvelle-identite-professionnelle-en-recherche-ag123niv10002.html\">2 &#8211; VERS UNE NOUVELLE IDENTIT\u00c9 PROFESSIONNELLE EN RECHERCHE&nbsp;?<\/a><\/p>\n\n\n\n<ul>\n<li>2.1 &#8211; Un cadre d\u2019activit\u00e9s op\u00e9rationnelles encore tr\u00e8s peu stabilis\u00e9<\/li>\n\n\n\n<li>2.2 &#8211; Des indices de professionnalisation en cours<\/li>\n<\/ul>\n\n\n\n<p><a href=\"https:\/\/www.techniques-ingenieur.fr\/base-documentaire\/innovation-th10\/sciences-techniques-et-societe-42697210\/accompagner-la-recherche-participative-le-dispositif-tiers-veilleur-ag123\/le-tiers-veilleur-dans-la-commande-de-recherche-face-aux-enjeux-politiques-de-la-participation-ag123niv10003.html\">3 &#8211; LE TIERS-VEILLEUR&nbsp;DANS LA COMMANDE DE RECHERCHE FACE AUX ENJEUX POLITIQUES DE LA PARTICIPATION<\/a><\/p>\n\n\n\n<ul>\n<li>3.1 &#8211; Temporalit\u00e9 des projets et modalit\u00e9s d\u2019intervention du tiers-veilleur<\/li>\n\n\n\n<li>3.2 &#8211; Un acteur en tension entre science et soci\u00e9t\u00e9<\/li>\n<\/ul>\n\n\n\n<p><a href=\"https:\/\/www.techniques-ingenieur.fr\/base-documentaire\/innovation-th10\/sciences-techniques-et-societe-42697210\/accompagner-la-recherche-participative-le-dispositif-tiers-veilleur-ag123\/conclusion-ag123niv10004.html\">4 &#8211; CONCLUSION<\/a><\/p>\n","protected":false},"excerpt":{"rendered":"<p>Cet article montre comment l\u2019accompagnement&nbsp;\u00e0 la&nbsp;recherche participative&nbsp;s\u2019est structur\u00e9 autour du dispositif \u00ab&nbsp;tiers-veilleurs \u00bb, une fonction d\u2019interm\u00e9diation entre acteurs acad\u00e9miques et soci\u00e9t\u00e9 civile qui s\u2019est install\u00e9e peu \u00e0 peu en France par l\u2019entremise de quelques programmes de recherche et par l\u2019association Sciences citoyennes. Le&nbsp;tiers-veilleur&nbsp;appara\u00eet d\u2019abord comme une \u00e9manation d\u2019une histoire institutionnelle de la recherche participative. PuisLire la suite &rarr;<\/p>\n","protected":false},"author":1,"featured_media":1573,"comment_status":"closed","ping_status":"closed","sticky":false,"template":"","format":"standard","meta":{"footnotes":""},"categories":[1],"tags":[],"_links":{"self":[{"href":"https:\/\/socialtransfert.com\/index.php\/wp-json\/wp\/v2\/posts\/1571"}],"collection":[{"href":"https:\/\/socialtransfert.com\/index.php\/wp-json\/wp\/v2\/posts"}],"about":[{"href":"https:\/\/socialtransfert.com\/index.php\/wp-json\/wp\/v2\/types\/post"}],"author":[{"embeddable":true,"href":"https:\/\/socialtransfert.com\/index.php\/wp-json\/wp\/v2\/users\/1"}],"replies":[{"embeddable":true,"href":"https:\/\/socialtransfert.com\/index.php\/wp-json\/wp\/v2\/comments?post=1571"}],"version-history":[{"count":5,"href":"https:\/\/socialtransfert.com\/index.php\/wp-json\/wp\/v2\/posts\/1571\/revisions"}],"predecessor-version":[{"id":1596,"href":"https:\/\/socialtransfert.com\/index.php\/wp-json\/wp\/v2\/posts\/1571\/revisions\/1596"}],"wp:featuredmedia":[{"embeddable":true,"href":"https:\/\/socialtransfert.com\/index.php\/wp-json\/wp\/v2\/media\/1573"}],"wp:attachment":[{"href":"https:\/\/socialtransfert.com\/index.php\/wp-json\/wp\/v2\/media?parent=1571"}],"wp:term":[{"taxonomy":"category","embeddable":true,"href":"https:\/\/socialtransfert.com\/index.php\/wp-json\/wp\/v2\/categories?post=1571"},{"taxonomy":"post_tag","embeddable":true,"href":"https:\/\/socialtransfert.com\/index.php\/wp-json\/wp\/v2\/tags?post=1571"}],"curies":[{"name":"wp","href":"https:\/\/api.w.org\/{rel}","templated":true}]}}