{"id":1567,"date":"2022-09-20T16:49:51","date_gmt":"2022-09-20T14:49:51","guid":{"rendered":"http:\/\/socialtransfert.com\/?p=1567"},"modified":"2022-09-20T16:52:44","modified_gmt":"2022-09-20T14:52:44","slug":"second-week-end-haies-et-chemins-en-communs-a-ouroux-en-morvan","status":"publish","type":"post","link":"https:\/\/socialtransfert.com\/index.php\/2022\/09\/20\/second-week-end-haies-et-chemins-en-communs-a-ouroux-en-morvan\/","title":{"rendered":"Second week-end \u00ab\u00a0Haies et chemins en communs\u00a0\u00bb \u00e0 Ouroux-en-Morvan"},"content":{"rendered":"\n<div class=\"wp-block-image\"><figure class=\"aligncenter size-large is-resized\"><img loading=\"lazy\" decoding=\"async\" src=\"http:\/\/socialtransfert.com\/wp-content\/uploads\/2022\/09\/IMG_20220917_155633-768x1024.jpg\" alt=\"\" class=\"wp-image-1568\" width=\"301\" height=\"401\" srcset=\"https:\/\/socialtransfert.com\/wp-content\/uploads\/2022\/09\/IMG_20220917_155633-768x1024.jpg 768w, https:\/\/socialtransfert.com\/wp-content\/uploads\/2022\/09\/IMG_20220917_155633-225x300.jpg 225w, https:\/\/socialtransfert.com\/wp-content\/uploads\/2022\/09\/IMG_20220917_155633-1152x1536.jpg 1152w, https:\/\/socialtransfert.com\/wp-content\/uploads\/2022\/09\/IMG_20220917_155633-1536x2048.jpg 1536w, https:\/\/socialtransfert.com\/wp-content\/uploads\/2022\/09\/IMG_20220917_155633-scaled.jpg 1920w\" sizes=\"(max-width: 301px) 100vw, 301px\" \/><\/figure><\/div>\n\n\n\n<p>Second week-end d&rsquo;accompagnement sur les communs dans le cadre du Programme de la Fondation de France \u00ab\u00a0R\u00e9inventez nos communs pour amplifier la transition \u00e9cologique\u00a0\u00bb avec l&rsquo;association Haies et Chemins d&rsquo;Ouroux-en-Morvan, dont l&rsquo;objectif est de faire revivre l&rsquo;entretien collectif des haies et chemins. Cette seconde session avait pour th\u00e8me \u00ab\u00a0la communaut\u00e9\u00a0\u00bb. Nous avons travaill\u00e9 sur des \u00e9l\u00e9ments de m\u00e9moire collective, sur ce qui lie les individus au groupe, sur l&rsquo;identification des acteurs externes \u00e0 la communaut\u00e9, sur un diagnostic de ce qui a march\u00e9 ou non depuis un an. Puis, nous avons pos\u00e9 quelques r\u00e8gles communes au fonctionnement du groupe. Un apport juridique sur la gestion des haies et chemins ruraux a \u00e9t\u00e9 \u00e9galement pos\u00e9.<\/p>\n","protected":false},"excerpt":{"rendered":"<p>Second week-end d&rsquo;accompagnement sur les communs dans le cadre du Programme de la Fondation de France \u00ab\u00a0R\u00e9inventez nos communs pour amplifier la transition \u00e9cologique\u00a0\u00bb avec l&rsquo;association Haies et Chemins d&rsquo;Ouroux-en-Morvan, dont l&rsquo;objectif est de faire revivre l&rsquo;entretien collectif des haies et chemins. Cette seconde session avait pour th\u00e8me \u00ab\u00a0la communaut\u00e9\u00a0\u00bb. Nous avons travaill\u00e9 sur desLire la suite &rarr;<\/p>\n","protected":false},"author":1,"featured_media":1520,"comment_status":"closed","ping_status":"closed","sticky":false,"template":"","format":"standard","meta":{"footnotes":""},"categories":[1],"tags":[],"_links":{"self":[{"href":"https:\/\/socialtransfert.com\/index.php\/wp-json\/wp\/v2\/posts\/1567"}],"collection":[{"href":"https:\/\/socialtransfert.com\/index.php\/wp-json\/wp\/v2\/posts"}],"about":[{"href":"https:\/\/socialtransfert.com\/index.php\/wp-json\/wp\/v2\/types\/post"}],"author":[{"embeddable":true,"href":"https:\/\/socialtransfert.com\/index.php\/wp-json\/wp\/v2\/users\/1"}],"replies":[{"embeddable":true,"href":"https:\/\/socialtransfert.com\/index.php\/wp-json\/wp\/v2\/comments?post=1567"}],"version-history":[{"count":1,"href":"https:\/\/socialtransfert.com\/index.php\/wp-json\/wp\/v2\/posts\/1567\/revisions"}],"predecessor-version":[{"id":1569,"href":"https:\/\/socialtransfert.com\/index.php\/wp-json\/wp\/v2\/posts\/1567\/revisions\/1569"}],"wp:featuredmedia":[{"embeddable":true,"href":"https:\/\/socialtransfert.com\/index.php\/wp-json\/wp\/v2\/media\/1520"}],"wp:attachment":[{"href":"https:\/\/socialtransfert.com\/index.php\/wp-json\/wp\/v2\/media?parent=1567"}],"wp:term":[{"taxonomy":"category","embeddable":true,"href":"https:\/\/socialtransfert.com\/index.php\/wp-json\/wp\/v2\/categories?post=1567"},{"taxonomy":"post_tag","embeddable":true,"href":"https:\/\/socialtransfert.com\/index.php\/wp-json\/wp\/v2\/tags?post=1567"}],"curies":[{"name":"wp","href":"https:\/\/api.w.org\/{rel}","templated":true}]}}